{"id":10569,"date":"2026-03-11T09:04:02","date_gmt":"2026-03-11T08:04:02","guid":{"rendered":"https:\/\/www.phenixetdragon.net\/?p=10569"},"modified":"2026-03-11T09:31:37","modified_gmt":"2026-03-11T08:31:37","slug":"prochains-stages-paris-oslo-et-week-end-yang-sheng-au-domaine-de-toussacq","status":"publish","type":"post","link":"https:\/\/www.phenixetdragon.net\/en\/prochains-stages-paris-oslo-et-week-end-yang-sheng-au-domaine-de-toussacq\/","title":{"rendered":"Prochains stages : Paris, Oslo et week-end Yang Sheng au Domaine de Toussacq"},"content":{"rendered":"<p>Les semaines \u00e0 venir seront riches en occasions de pratiquer ensemble ! Entre les <strong>stages parisiens<\/strong> de ce week-end, un <strong>s\u00e9minaire exceptionnel \u00e0 Oslo<\/strong> en avril, et notre <strong>prochain week-end r\u00e9sidentiel Yang Sheng au Domaine de Toussacq<\/strong>, chacun pourra trouver une belle opportunit\u00e9 pour approfondir sa pratique.<\/p>\n\n\n\n<p>Comme toujours, ces stages sont ouverts \u00e0 toutes et tous, d\u00e9butants comme pratiquants confirm\u00e9s, dans l\u2019esprit de partage, de rigueur et de transmission qui caract\u00e9rise l\u2019\u00c9cole Ph\u00e9nix &amp; Dragon.<\/p>\n\n\n\n<hr class=\"wp-block-separator has-alpha-channel-opacity\"\/>\n\n\n\n<h2 class=\"wp-block-heading has-vivid-red-color has-text-color has-link-color has-large-font-size wp-elements-162b2dd00b279375c7109ad68870bd8f\"><strong>Stages \u00e0 Paris ce week-end : Taiji Quan et Qi Gong<\/strong><\/h2>\n\n\n\n<p>Nous nous retrouverons ce week-end \u00e0 Paris pour deux stages compl\u00e9mentaires :<\/p>\n\n\n\n<div class=\"wp-block-columns is-layout-flex wp-container-core-columns-is-layout-9d6595d7 wp-block-columns-is-layout-flex\">\n<div class=\"wp-block-column is-layout-flow wp-block-column-is-layout-flow\">\n<figure class=\"wp-block-image wp-duotone-unset-2\"><img decoding=\"async\" src=\"data:image\/gif;base64,R0lGODlhAQABAAAAACH5BAEKAAEALAAAAAABAAEAAAICTAEAOw==\" data-layzr=\"https:\/\/www.phenixetdragon.net\/wp-content\/uploads\/2026\/03\/IMG_6281-edited.jpg\" alt=\"\" class=\"wp-image-10573\"\/><\/figure>\n<\/div>\n\n\n\n<div class=\"wp-block-column is-layout-flow wp-block-column-is-layout-flow\">\n<h3 class=\"wp-block-heading has-medium-font-size\"><strong>Samedi 14 mars <strong>\u2013<\/strong> Taiji Quan<\/strong><\/h3>\n\n\n\n<p>Un travail approfondi sur les principes du Taiji : structure, rel\u00e2chement, coordination et fluidit\u00e9 dans les mouvements.<\/p>\n\n\n\n<p>Ouvert \u00e0 tous de 14h \u00e0 16h30, tarif 40 euros. <a href=\"https:\/\/www.helloasso.com\/associations\/association-sports-de-combat-et-d-arts-martiaux\/adhesions\/stage-qg-tj-kf-2025-2026\">Inscriptions ici !<\/a><\/p>\n\n\n\n<p>Et \u00e7a continue jusqu&rsquo;\u00e0 17h45 pour le groupe de la formation Tao et Sant\u00e9.<\/p>\n<\/div>\n<\/div>\n\n\n\n<div class=\"wp-block-columns is-layout-flex wp-container-core-columns-is-layout-9d6595d7 wp-block-columns-is-layout-flex\">\n<div class=\"wp-block-column is-layout-flow wp-block-column-is-layout-flow\">\n<h3 class=\"wp-block-heading has-medium-font-size\"><strong>Dimanche 15 mars <strong>\u2013 <\/strong>Qi Gong<\/strong><\/h3>\n\n\n\n<p>Une journ\u00e9e d\u00e9di\u00e9e \u00e0 l\u2019exploration des pratiques \u00e9nerg\u00e9tiques, pieds nus, avec un travail sur la respiration, la circulation du Qi et la pr\u00e9cision des mouvements.<\/p>\n\n\n\n<p>Ouvert \u00e0 tous de 9h \u00e0 12h, tarif 40 euros. <a href=\"https:\/\/www.helloasso.com\/associations\/association-sports-de-combat-et-d-arts-martiaux\/adhesions\/stage-qg-tj-kf-2025-2026\">Inscriptions ici!<\/a><\/p>\n\n\n\n<p>\u00c7a continue jusqu&rsquo;\u00e0 16h45 pour le groupe de la formation Tao et Sant\u00e9!<\/p>\n<\/div>\n\n\n\n<div class=\"wp-block-column is-layout-flow wp-block-column-is-layout-flow\">\n<figure class=\"wp-block-image size-large wp-duotone-unset-3\"><img decoding=\"async\" src=\"data:image\/gif;base64,R0lGODlhAQABAAAAACH5BAEKAAEALAAAAAABAAEAAAICTAEAOw==\" data-layzr=\"https:\/\/www.phenixetdragon.net\/wp-content\/uploads\/2026\/03\/IMG_1975-edited.jpg\" alt=\"\" class=\"wp-image-10574\"\/><\/figure>\n<\/div>\n<\/div>\n\n\n\n<p>Ces stages sont des moments privil\u00e9gi\u00e9s pour clarifier les bases techniques, approfondir les formes \u00e9tudi\u00e9es en cours et partager un moment de pratique collective dans une atmosph\u00e8re concentr\u00e9e et bienveillante !<\/p>\n\n\n\n<hr class=\"wp-block-separator has-alpha-channel-opacity\"\/>\n\n\n\n<h2 class=\"wp-block-heading has-vivid-red-color has-text-color has-link-color has-large-font-size wp-elements-a005f6e782571ad76c118303a28bdb2f\"><strong>S\u00e9minaire exceptionnel \u00e0 Oslo \u2013 18 et 19 avril<\/strong><\/h2>\n\n\n\n<p>Matteo Pepe-Espert sera de retour \u00e0 Oslo pour un week-end de s\u00e9minaires organis\u00e9 par <strong>NOF\u00d8DRA<\/strong>, l\u2019association partenaire de l\u2019\u00c9cole Ph\u00e9nix &amp; Dragon en Norv\u00e8ge. <\/p>\n\n\n\n<div class=\"wp-block-columns is-layout-flex wp-container-core-columns-is-layout-9d6595d7 wp-block-columns-is-layout-flex\">\n<div class=\"wp-block-column is-layout-flow wp-block-column-is-layout-flow\">\n<figure class=\"wp-block-image size-full is-resized wp-duotone-unset-4\"><img decoding=\"async\" src=\"data:image\/gif;base64,R0lGODlhAQABAAAAACH5BAEKAAEALAAAAAABAAEAAAICTAEAOw==\" data-layzr=\"https:\/\/www.phenixetdragon.net\/wp-content\/uploads\/2026\/03\/fpostersmallwall_texturesquare_product600x600-edited.jpg\" alt=\"\" class=\"wp-image-10572\" style=\"width:416px;height:auto\"\/><\/figure>\n<\/div>\n\n\n\n<div class=\"wp-block-column is-layout-flow wp-block-column-is-layout-flow\">\n<h3 class=\"wp-block-heading has-medium-font-size\"><strong>Samedi 18 avril \u2013 Kung Fu (Nunchaku)<\/strong><\/h3>\n\n\n\n<p>La journ\u00e9e sera consacr\u00e9e au <strong>nunchaku<\/strong>, une arme classique des arts martiaux chinois. Les participants exploreront les frappes et les blocages, les esquives et contre-attaques, ainsi que la coordination et la fluidit\u00e9 dans les encha\u00eenements.<\/p>\n\n\n\n<p>La pratique se fera avec des <strong>nunchakus en mousse<\/strong>, permettant de travailler en s\u00e9curit\u00e9, y compris avec contact.<\/p>\n\n\n\n<p>Une session sp\u00e9ciale est \u00e9galement pr\u00e9vue pour <strong>les enfants et les adolescents<\/strong> l\u2019apr\u00e8s-midi.<\/p>\n<\/div>\n<\/div>\n\n\n\n<div class=\"wp-block-columns is-layout-flex wp-container-core-columns-is-layout-9d6595d7 wp-block-columns-is-layout-flex\">\n<div class=\"wp-block-column is-layout-flow wp-block-column-is-layout-flow\">\n<h3 class=\"wp-block-heading has-medium-font-size\"><strong>Dimanche 19 avril \u2013 Taiji \/ Qi Gong avec \u00e9ventail<\/strong><\/h3>\n\n\n\n<p>Le dimanche sera consacr\u00e9 \u00e0 la premi\u00e8re chor\u00e9graphie \u00e0 l\u2019\u00e9ventail cr\u00e9\u00e9e par le professeur Zhang Guangde en <strong>Daoyin Yangsheng Gong<\/strong>. Cette forme, inspir\u00e9e du Taiji Quan, est \u00e0 la fois esth\u00e9tique, pr\u00e9cise, et tr\u00e8s b\u00e9n\u00e9fique pour la souplesse, la coordination et la concentration.<\/p>\n\n\n\n<p>Comme toujours, <strong>le stage est ouvert \u00e0 tous, quel que soit le niveau<\/strong>.<\/p>\n<\/div>\n\n\n\n<div class=\"wp-block-column is-layout-flow wp-block-column-is-layout-flow\">\n<figure class=\"wp-block-image size-full wp-duotone-blue-orange\"><img decoding=\"async\" src=\"data:image\/gif;base64,R0lGODlhAQABAAAAACH5BAEKAAEALAAAAAABAAEAAAICTAEAOw==\" data-layzr=\"https:\/\/www.phenixetdragon.net\/wp-content\/uploads\/2026\/03\/image-edited.png\" alt=\"Eventail\" class=\"wp-image-10570\"\/><\/figure>\n<\/div>\n<\/div>\n\n\n\n<p><strong>Tarifs :<\/strong><\/p>\n\n\n\n<ul class=\"wp-block-list\">\n<li>un stage adulte : <strong>750 NOK<\/strong><\/li>\n\n\n\n<li>week-end complet : <strong>1 200 NOK<\/strong><\/li>\n\n\n\n<li>stage enfants (samedi) : <strong>300 NOK<\/strong><\/li>\n<\/ul>\n\n\n\n<p><strong>Inscriptions :<\/strong> envoyer un email \u00e0 nofodra@gmail.com en indiquant le ou les jours de participation.<\/p>\n\n\n\n<hr class=\"wp-block-separator has-alpha-channel-opacity\"\/>\n\n\n\n<h2 class=\"wp-block-heading has-vivid-red-color has-text-color has-link-color has-large-font-size wp-elements-8f50f65424fe0c84506da783b849c6b2\"><strong>Week-end r\u00e9sidentiel Yang Sheng au Domaine de Toussacq<\/strong><\/h2>\n\n\n\n<div class=\"wp-block-columns is-layout-flex wp-container-core-columns-is-layout-9d6595d7 wp-block-columns-is-layout-flex\">\n<div class=\"wp-block-column is-layout-flow wp-block-column-is-layout-flow\">\n<p>Autre moment fort \u00e0 venir : notre <strong>prochain week-end Yang Sheng<\/strong>, du Vendredi matin 8 au Dimanche apr\u00e8s midi 10 Mai 2026 au <a href=\"https:\/\/www.phenixetdragon.net\/le-domaine-de-toussacq\/\">Domaine de Toussacq<\/a>.<\/p>\n\n\n\n<p>Ces stages r\u00e9sidentiels sont des temps d\u2019immersion particuli\u00e8rement pr\u00e9cieux pour approfondir la pratique dans un cadre naturel exceptionnel. Le Domaine de Toussacq, situ\u00e9 \u00e0 environ 1h30 de Paris, offre un environnement calme et inspirant, id\u00e9al pour la pratique du Qi Gong et des arts internes.<\/p>\n\n\n\n<p>Au programme de ce week-end consacr\u00e9 au <strong>Yang Sheng (\u00ab nourrir la vie \u00bb)<\/strong> : Qi Gong et autres ateliers, pratique en salle et en ext\u00e9rieur, Temps d\u2019\u00e9change et de convivialit\u00e9.<\/p>\n<\/div>\n\n\n\n<div class=\"wp-block-column is-layout-flow wp-block-column-is-layout-flow\">\n<figure class=\"wp-block-image size-large wp-duotone-unset-5\"><img decoding=\"async\" src=\"data:image\/gif;base64,R0lGODlhAQABAAAAACH5BAEKAAEALAAAAAABAAEAAAICTAEAOw==\" data-layzr=\"https:\/\/www.phenixetdragon.net\/wp-content\/uploads\/2026\/03\/IMG_8253-edited-scaled.jpg\" alt=\"\" class=\"wp-image-10575\"\/><\/figure>\n<\/div>\n<\/div>\n\n\n\n<p>Entre s\u00e9ances de pratique, nature et moments de partage, ces week-ends permettent de <strong>plonger plus profond\u00e9ment dans l\u2019esprit des arts internes<\/strong> et de repartir nourri physiquement, \u00e9nerg\u00e9tiquement et int\u00e9rieurement.<\/p>\n\n\n\n<p>Il nous reste 2 places pour ce stage, en yourte. Tarifs: 200 euros le stage, 295 euros la place en yourte (nuits et repas). Inscriptions: envoyer un mail \u00e0 phenixetdragon@gmail.com.<\/p>\n\n\n\n<div class=\"wp-block-columns is-layout-flex wp-container-core-columns-is-layout-9d6595d7 wp-block-columns-is-layout-flex\">\n<div class=\"wp-block-column is-layout-flow wp-block-column-is-layout-flow\">\n<figure class=\"wp-block-image\"><img decoding=\"async\" src=\"data:image\/gif;base64,R0lGODlhAQABAAAAACH5BAEKAAEALAAAAAABAAEAAAICTAEAOw==\" data-layzr=\"https:\/\/www.phenixetdragon.net\/wp-content\/uploads\/2026\/03\/IMG_9636-edited-scaled.jpeg\" alt=\"\" class=\"wp-image-10589\"\/><\/figure>\n<\/div>\n\n\n\n<div class=\"wp-block-column is-layout-flow wp-block-column-is-layout-flow\">\n<figure class=\"wp-block-image size-large\"><img decoding=\"async\" src=\"data:image\/gif;base64,R0lGODlhAQABAAAAACH5BAEKAAEALAAAAAABAAEAAAICTAEAOw==\" data-layzr=\"https:\/\/www.phenixetdragon.net\/wp-content\/uploads\/2026\/03\/IMG_9624-edited-scaled.jpeg\" alt=\"\" class=\"wp-image-10590\"\/><\/figure>\n<\/div>\n\n\n\n<div class=\"wp-block-column is-layout-flow wp-block-column-is-layout-flow\">\n<figure class=\"wp-block-image size-large\"><img decoding=\"async\" src=\"data:image\/gif;base64,R0lGODlhAQABAAAAACH5BAEKAAEALAAAAAABAAEAAAICTAEAOw==\" data-layzr=\"https:\/\/www.phenixetdragon.net\/wp-content\/uploads\/2026\/03\/IMG_8291-edited.jpeg\" alt=\"\" class=\"wp-image-10591\"\/><\/figure>\n<\/div>\n<\/div>\n\n\n\n<hr class=\"wp-block-separator has-alpha-channel-opacity\"\/>\n\n\n\n<p>\u2728 <strong>Nous esp\u00e9rons vous retrouver nombreux lors de ces prochains stages, \u00e0 Paris, \u00e0 Oslo ou \u00e0 Toussacq !<\/strong><\/p>\n\n\n\n<p>Ces rencontres sont toujours des occasions pr\u00e9cieuses de progresser, de partager la pratique et de faire vivre l\u2019esprit de l\u2019\u00c9cole Ph\u00e9nix &amp; Dragon.<\/p>\n\n\n\n<p>A tr\u00e8s vite !<\/p>","protected":false},"excerpt":{"rendered":"<p>Les semaines \u00e0 venir seront riches en occasions de pratiquer ensemble ! Entre les stages parisiens de ce week-end, un s\u00e9minaire exceptionnel \u00e0 Oslo en avril, et notre prochain week-end r\u00e9sidentiel Yang Sheng au Domaine de Toussacq, chacun pourra trouver une belle opportunit\u00e9 pour approfondir sa pratique. Comme toujours, ces stages sont ouverts \u00e0 toutes &hellip; <\/p>","protected":false},"author":7,"featured_media":10570,"comment_status":"closed","ping_status":"closed","sticky":false,"template":"","format":"standard","meta":{"footnotes":""},"categories":[1],"tags":[],"class_list":["post-10569","post","type-post","status-publish","format-standard","has-post-thumbnail","hentry","category-non-classe","latest_post"],"yoast_head":"<!-- This site is optimized with the Yoast SEO plugin v26.3 - https:\/\/yoast.com\/wordpress\/plugins\/seo\/ -->\n<title>Prochains stages : Paris, Oslo et week-end Yang Sheng au Domaine de Toussacq - Ph\u00e9nix et Dragon<\/title>\n<meta name=\"robots\" content=\"index, follow, max-snippet:-1, max-image-preview:large, max-video-preview:-1\" \/>\n<link rel=\"canonical\" href=\"https:\/\/www.phenixetdragon.net\/en\/prochains-stages-paris-oslo-et-week-end-yang-sheng-au-domaine-de-toussacq\/\" \/>\n<meta property=\"og:locale\" content=\"en_GB\" \/>\n<meta property=\"og:type\" content=\"article\" \/>\n<meta property=\"og:title\" content=\"Prochains stages : Paris, Oslo et week-end Yang Sheng au Domaine de Toussacq - Ph\u00e9nix et Dragon\" \/>\n<meta property=\"og:description\" content=\"Les semaines \u00e0 venir seront riches en occasions de pratiquer ensemble ! Entre les stages parisiens de ce week-end, un s\u00e9minaire exceptionnel \u00e0 Oslo en avril, et notre prochain week-end r\u00e9sidentiel Yang Sheng au Domaine de Toussacq, chacun pourra trouver une belle opportunit\u00e9 pour approfondir sa pratique. Comme toujours, ces stages sont ouverts \u00e0 toutes &hellip;\" \/>\n<meta property=\"og:url\" content=\"https:\/\/www.phenixetdragon.net\/en\/prochains-stages-paris-oslo-et-week-end-yang-sheng-au-domaine-de-toussacq\/\" \/>\n<meta property=\"og:site_name\" content=\"Ph\u00e9nix et Dragon\" \/>\n<meta property=\"article:publisher\" content=\"https:\/\/fr-fr.facebook.com\/assoephedra\/\" \/>\n<meta property=\"article:published_time\" content=\"2026-03-11T08:04:02+00:00\" \/>\n<meta property=\"article:modified_time\" content=\"2026-03-11T08:31:37+00:00\" \/>\n<meta property=\"og:image\" content=\"https:\/\/www.phenixetdragon.net\/wp-content\/uploads\/2026\/03\/image-edited.png\" \/>\n\t<meta property=\"og:image:width\" content=\"675\" \/>\n\t<meta property=\"og:image:height\" content=\"675\" \/>\n\t<meta property=\"og:image:type\" content=\"image\/png\" \/>\n<meta name=\"author\" content=\"Aur\u00e9lie Millier\" \/>\n<meta name=\"twitter:card\" content=\"summary_large_image\" \/>\n<meta name=\"twitter:label1\" content=\"Written by\" \/>\n\t<meta name=\"twitter:data1\" content=\"Aur\u00e9lie Millier\" \/>\n\t<meta name=\"twitter:label2\" content=\"Estimated reading time\" \/>\n\t<meta name=\"twitter:data2\" content=\"3 minutes\" \/>\n<script type=\"application\/ld+json\" class=\"yoast-schema-graph\">{\"@context\":\"https:\/\/schema.org\",\"@graph\":[{\"@type\":\"Article\",\"@id\":\"https:\/\/www.phenixetdragon.net\/prochains-stages-paris-oslo-et-week-end-yang-sheng-au-domaine-de-toussacq\/#article\",\"isPartOf\":{\"@id\":\"https:\/\/www.phenixetdragon.net\/prochains-stages-paris-oslo-et-week-end-yang-sheng-au-domaine-de-toussacq\/\"},\"author\":{\"name\":\"Aur\u00e9lie Millier\",\"@id\":\"https:\/\/www.phenixetdragon.net\/#\/schema\/person\/0f16dcb2ef3135821733c007413d63db\"},\"headline\":\"Prochains stages : Paris, Oslo et week-end Yang Sheng au Domaine de Toussacq\",\"datePublished\":\"2026-03-11T08:04:02+00:00\",\"dateModified\":\"2026-03-11T08:31:37+00:00\",\"mainEntityOfPage\":{\"@id\":\"https:\/\/www.phenixetdragon.net\/prochains-stages-paris-oslo-et-week-end-yang-sheng-au-domaine-de-toussacq\/\"},\"wordCount\":675,\"publisher\":{\"@id\":\"https:\/\/www.phenixetdragon.net\/#organization\"},\"image\":{\"@id\":\"https:\/\/www.phenixetdragon.net\/prochains-stages-paris-oslo-et-week-end-yang-sheng-au-domaine-de-toussacq\/#primaryimage\"},\"thumbnailUrl\":\"https:\/\/www.phenixetdragon.net\/wp-content\/uploads\/2026\/03\/image-edited.png\",\"articleSection\":[\"Non class\u00e9\"],\"inLanguage\":\"en-GB\"},{\"@type\":\"WebPage\",\"@id\":\"https:\/\/www.phenixetdragon.net\/prochains-stages-paris-oslo-et-week-end-yang-sheng-au-domaine-de-toussacq\/\",\"url\":\"https:\/\/www.phenixetdragon.net\/prochains-stages-paris-oslo-et-week-end-yang-sheng-au-domaine-de-toussacq\/\",\"name\":\"Prochains stages : Paris, Oslo et week-end Yang Sheng au Domaine de Toussacq - Ph\u00e9nix et Dragon\",\"isPartOf\":{\"@id\":\"https:\/\/www.phenixetdragon.net\/#website\"},\"primaryImageOfPage\":{\"@id\":\"https:\/\/www.phenixetdragon.net\/prochains-stages-paris-oslo-et-week-end-yang-sheng-au-domaine-de-toussacq\/#primaryimage\"},\"image\":{\"@id\":\"https:\/\/www.phenixetdragon.net\/prochains-stages-paris-oslo-et-week-end-yang-sheng-au-domaine-de-toussacq\/#primaryimage\"},\"thumbnailUrl\":\"https:\/\/www.phenixetdragon.net\/wp-content\/uploads\/2026\/03\/image-edited.png\",\"datePublished\":\"2026-03-11T08:04:02+00:00\",\"dateModified\":\"2026-03-11T08:31:37+00:00\",\"breadcrumb\":{\"@id\":\"https:\/\/www.phenixetdragon.net\/prochains-stages-paris-oslo-et-week-end-yang-sheng-au-domaine-de-toussacq\/#breadcrumb\"},\"inLanguage\":\"en-GB\",\"potentialAction\":[{\"@type\":\"ReadAction\",\"target\":[\"https:\/\/www.phenixetdragon.net\/prochains-stages-paris-oslo-et-week-end-yang-sheng-au-domaine-de-toussacq\/\"]}]},{\"@type\":\"ImageObject\",\"inLanguage\":\"en-GB\",\"@id\":\"https:\/\/www.phenixetdragon.net\/prochains-stages-paris-oslo-et-week-end-yang-sheng-au-domaine-de-toussacq\/#primaryimage\",\"url\":\"https:\/\/www.phenixetdragon.net\/wp-content\/uploads\/2026\/03\/image-edited.png\",\"contentUrl\":\"https:\/\/www.phenixetdragon.net\/wp-content\/uploads\/2026\/03\/image-edited.png\",\"width\":675,\"height\":675,\"caption\":\"Eventail\"},{\"@type\":\"BreadcrumbList\",\"@id\":\"https:\/\/www.phenixetdragon.net\/prochains-stages-paris-oslo-et-week-end-yang-sheng-au-domaine-de-toussacq\/#breadcrumb\",\"itemListElement\":[{\"@type\":\"ListItem\",\"position\":1,\"name\":\"Accueil\",\"item\":\"https:\/\/www.phenixetdragon.net\/\"},{\"@type\":\"ListItem\",\"position\":2,\"name\":\"Prochains stages : Paris, Oslo et week-end Yang Sheng au Domaine de Toussacq\"}]},{\"@type\":\"WebSite\",\"@id\":\"https:\/\/www.phenixetdragon.net\/#website\",\"url\":\"https:\/\/www.phenixetdragon.net\/\",\"name\":\"Ph\u00e9nix et Dragon\",\"description\":\"Arts Martiaux Chinois, Kung Fu, Taiji Quan, et Arts Energ\u00e9tiques, Qi Gong\",\"publisher\":{\"@id\":\"https:\/\/www.phenixetdragon.net\/#organization\"},\"potentialAction\":[{\"@type\":\"SearchAction\",\"target\":{\"@type\":\"EntryPoint\",\"urlTemplate\":\"https:\/\/www.phenixetdragon.net\/?s={search_term_string}\"},\"query-input\":{\"@type\":\"PropertyValueSpecification\",\"valueRequired\":true,\"valueName\":\"search_term_string\"}}],\"inLanguage\":\"en-GB\"},{\"@type\":\"Organization\",\"@id\":\"https:\/\/www.phenixetdragon.net\/#organization\",\"name\":\"Ph\u00e9nix et Dragon\",\"url\":\"https:\/\/www.phenixetdragon.net\/\",\"logo\":{\"@type\":\"ImageObject\",\"inLanguage\":\"en-GB\",\"@id\":\"https:\/\/www.phenixetdragon.net\/#\/schema\/logo\/image\/\",\"url\":\"https:\/\/www.phenixetdragon.net\/wp-content\/uploads\/2021\/08\/logophenixdragon.png\",\"contentUrl\":\"https:\/\/www.phenixetdragon.net\/wp-content\/uploads\/2021\/08\/logophenixdragon.png\",\"width\":674,\"height\":113,\"caption\":\"Ph\u00e9nix et Dragon\"},\"image\":{\"@id\":\"https:\/\/www.phenixetdragon.net\/#\/schema\/logo\/image\/\"},\"sameAs\":[\"https:\/\/fr-fr.facebook.com\/assoephedra\/\",\"https:\/\/www.instagram.com\/ecolephenixetdragon\/\"]},{\"@type\":\"Person\",\"@id\":\"https:\/\/www.phenixetdragon.net\/#\/schema\/person\/0f16dcb2ef3135821733c007413d63db\",\"name\":\"Aur\u00e9lie Millier\",\"image\":{\"@type\":\"ImageObject\",\"inLanguage\":\"en-GB\",\"@id\":\"https:\/\/www.phenixetdragon.net\/#\/schema\/person\/image\/\",\"url\":\"https:\/\/secure.gravatar.com\/avatar\/875b6acd6fa21a2b863172ca93656aa8ddd8710b2c6c46916564bc37308a5159?s=96&d=mm&r=g\",\"contentUrl\":\"https:\/\/secure.gravatar.com\/avatar\/875b6acd6fa21a2b863172ca93656aa8ddd8710b2c6c46916564bc37308a5159?s=96&d=mm&r=g\",\"caption\":\"Aur\u00e9lie Millier\"},\"url\":\"https:\/\/www.phenixetdragon.net\/en\/author\/amillier\/\"}]}<\/script>\n<!-- \/ Yoast SEO plugin. -->","yoast_head_json":{"title":"Prochains stages : Paris, Oslo et week-end Yang Sheng au Domaine de Toussacq - Ph\u00e9nix et Dragon","robots":{"index":"index","follow":"follow","max-snippet":"max-snippet:-1","max-image-preview":"max-image-preview:large","max-video-preview":"max-video-preview:-1"},"canonical":"https:\/\/www.phenixetdragon.net\/en\/prochains-stages-paris-oslo-et-week-end-yang-sheng-au-domaine-de-toussacq\/","og_locale":"en_GB","og_type":"article","og_title":"Prochains stages : Paris, Oslo et week-end Yang Sheng au Domaine de Toussacq - Ph\u00e9nix et Dragon","og_description":"Les semaines \u00e0 venir seront riches en occasions de pratiquer ensemble ! Entre les stages parisiens de ce week-end, un s\u00e9minaire exceptionnel \u00e0 Oslo en avril, et notre prochain week-end r\u00e9sidentiel Yang Sheng au Domaine de Toussacq, chacun pourra trouver une belle opportunit\u00e9 pour approfondir sa pratique. Comme toujours, ces stages sont ouverts \u00e0 toutes &hellip;","og_url":"https:\/\/www.phenixetdragon.net\/en\/prochains-stages-paris-oslo-et-week-end-yang-sheng-au-domaine-de-toussacq\/","og_site_name":"Ph\u00e9nix et Dragon","article_publisher":"https:\/\/fr-fr.facebook.com\/assoephedra\/","article_published_time":"2026-03-11T08:04:02+00:00","article_modified_time":"2026-03-11T08:31:37+00:00","og_image":[{"width":675,"height":675,"url":"https:\/\/www.phenixetdragon.net\/wp-content\/uploads\/2026\/03\/image-edited.png","type":"image\/png"}],"author":"Aur\u00e9lie Millier","twitter_card":"summary_large_image","twitter_misc":{"Written by":"Aur\u00e9lie Millier","Estimated reading time":"3 minutes"},"schema":{"@context":"https:\/\/schema.org","@graph":[{"@type":"Article","@id":"https:\/\/www.phenixetdragon.net\/prochains-stages-paris-oslo-et-week-end-yang-sheng-au-domaine-de-toussacq\/#article","isPartOf":{"@id":"https:\/\/www.phenixetdragon.net\/prochains-stages-paris-oslo-et-week-end-yang-sheng-au-domaine-de-toussacq\/"},"author":{"name":"Aur\u00e9lie Millier","@id":"https:\/\/www.phenixetdragon.net\/#\/schema\/person\/0f16dcb2ef3135821733c007413d63db"},"headline":"Prochains stages : Paris, Oslo et week-end Yang Sheng au Domaine de Toussacq","datePublished":"2026-03-11T08:04:02+00:00","dateModified":"2026-03-11T08:31:37+00:00","mainEntityOfPage":{"@id":"https:\/\/www.phenixetdragon.net\/prochains-stages-paris-oslo-et-week-end-yang-sheng-au-domaine-de-toussacq\/"},"wordCount":675,"publisher":{"@id":"https:\/\/www.phenixetdragon.net\/#organization"},"image":{"@id":"https:\/\/www.phenixetdragon.net\/prochains-stages-paris-oslo-et-week-end-yang-sheng-au-domaine-de-toussacq\/#primaryimage"},"thumbnailUrl":"https:\/\/www.phenixetdragon.net\/wp-content\/uploads\/2026\/03\/image-edited.png","articleSection":["Non class\u00e9"],"inLanguage":"en-GB"},{"@type":"WebPage","@id":"https:\/\/www.phenixetdragon.net\/prochains-stages-paris-oslo-et-week-end-yang-sheng-au-domaine-de-toussacq\/","url":"https:\/\/www.phenixetdragon.net\/prochains-stages-paris-oslo-et-week-end-yang-sheng-au-domaine-de-toussacq\/","name":"Prochains stages : Paris, Oslo et week-end Yang Sheng au Domaine de Toussacq - Ph\u00e9nix et Dragon","isPartOf":{"@id":"https:\/\/www.phenixetdragon.net\/#website"},"primaryImageOfPage":{"@id":"https:\/\/www.phenixetdragon.net\/prochains-stages-paris-oslo-et-week-end-yang-sheng-au-domaine-de-toussacq\/#primaryimage"},"image":{"@id":"https:\/\/www.phenixetdragon.net\/prochains-stages-paris-oslo-et-week-end-yang-sheng-au-domaine-de-toussacq\/#primaryimage"},"thumbnailUrl":"https:\/\/www.phenixetdragon.net\/wp-content\/uploads\/2026\/03\/image-edited.png","datePublished":"2026-03-11T08:04:02+00:00","dateModified":"2026-03-11T08:31:37+00:00","breadcrumb":{"@id":"https:\/\/www.phenixetdragon.net\/prochains-stages-paris-oslo-et-week-end-yang-sheng-au-domaine-de-toussacq\/#breadcrumb"},"inLanguage":"en-GB","potentialAction":[{"@type":"ReadAction","target":["https:\/\/www.phenixetdragon.net\/prochains-stages-paris-oslo-et-week-end-yang-sheng-au-domaine-de-toussacq\/"]}]},{"@type":"ImageObject","inLanguage":"en-GB","@id":"https:\/\/www.phenixetdragon.net\/prochains-stages-paris-oslo-et-week-end-yang-sheng-au-domaine-de-toussacq\/#primaryimage","url":"https:\/\/www.phenixetdragon.net\/wp-content\/uploads\/2026\/03\/image-edited.png","contentUrl":"https:\/\/www.phenixetdragon.net\/wp-content\/uploads\/2026\/03\/image-edited.png","width":675,"height":675,"caption":"Eventail"},{"@type":"BreadcrumbList","@id":"https:\/\/www.phenixetdragon.net\/prochains-stages-paris-oslo-et-week-end-yang-sheng-au-domaine-de-toussacq\/#breadcrumb","itemListElement":[{"@type":"ListItem","position":1,"name":"Accueil","item":"https:\/\/www.phenixetdragon.net\/"},{"@type":"ListItem","position":2,"name":"Prochains stages : Paris, Oslo et week-end Yang Sheng au Domaine de Toussacq"}]},{"@type":"WebSite","@id":"https:\/\/www.phenixetdragon.net\/#website","url":"https:\/\/www.phenixetdragon.net\/","name":"Ph\u00e9nix et Dragon","description":"Arts Martiaux Chinois, Kung Fu, Taiji Quan, et Arts Energ\u00e9tiques, Qi Gong","publisher":{"@id":"https:\/\/www.phenixetdragon.net\/#organization"},"potentialAction":[{"@type":"SearchAction","target":{"@type":"EntryPoint","urlTemplate":"https:\/\/www.phenixetdragon.net\/?s={search_term_string}"},"query-input":{"@type":"PropertyValueSpecification","valueRequired":true,"valueName":"search_term_string"}}],"inLanguage":"en-GB"},{"@type":"Organization","@id":"https:\/\/www.phenixetdragon.net\/#organization","name":"Ph\u00e9nix et Dragon","url":"https:\/\/www.phenixetdragon.net\/","logo":{"@type":"ImageObject","inLanguage":"en-GB","@id":"https:\/\/www.phenixetdragon.net\/#\/schema\/logo\/image\/","url":"https:\/\/www.phenixetdragon.net\/wp-content\/uploads\/2021\/08\/logophenixdragon.png","contentUrl":"https:\/\/www.phenixetdragon.net\/wp-content\/uploads\/2021\/08\/logophenixdragon.png","width":674,"height":113,"caption":"Ph\u00e9nix et Dragon"},"image":{"@id":"https:\/\/www.phenixetdragon.net\/#\/schema\/logo\/image\/"},"sameAs":["https:\/\/fr-fr.facebook.com\/assoephedra\/","https:\/\/www.instagram.com\/ecolephenixetdragon\/"]},{"@type":"Person","@id":"https:\/\/www.phenixetdragon.net\/#\/schema\/person\/0f16dcb2ef3135821733c007413d63db","name":"Aur\u00e9lie Millier","image":{"@type":"ImageObject","inLanguage":"en-GB","@id":"https:\/\/www.phenixetdragon.net\/#\/schema\/person\/image\/","url":"https:\/\/secure.gravatar.com\/avatar\/875b6acd6fa21a2b863172ca93656aa8ddd8710b2c6c46916564bc37308a5159?s=96&d=mm&r=g","contentUrl":"https:\/\/secure.gravatar.com\/avatar\/875b6acd6fa21a2b863172ca93656aa8ddd8710b2c6c46916564bc37308a5159?s=96&d=mm&r=g","caption":"Aur\u00e9lie Millier"},"url":"https:\/\/www.phenixetdragon.net\/en\/author\/amillier\/"}]}},"_links":{"self":[{"href":"https:\/\/www.phenixetdragon.net\/en\/wp-json\/wp\/v2\/posts\/10569","targetHints":{"allow":["GET"]}}],"collection":[{"href":"https:\/\/www.phenixetdragon.net\/en\/wp-json\/wp\/v2\/posts"}],"about":[{"href":"https:\/\/www.phenixetdragon.net\/en\/wp-json\/wp\/v2\/types\/post"}],"author":[{"embeddable":true,"href":"https:\/\/www.phenixetdragon.net\/en\/wp-json\/wp\/v2\/users\/7"}],"replies":[{"embeddable":true,"href":"https:\/\/www.phenixetdragon.net\/en\/wp-json\/wp\/v2\/comments?post=10569"}],"version-history":[{"count":11,"href":"https:\/\/www.phenixetdragon.net\/en\/wp-json\/wp\/v2\/posts\/10569\/revisions"}],"predecessor-version":[{"id":10594,"href":"https:\/\/www.phenixetdragon.net\/en\/wp-json\/wp\/v2\/posts\/10569\/revisions\/10594"}],"wp:featuredmedia":[{"embeddable":true,"href":"https:\/\/www.phenixetdragon.net\/en\/wp-json\/wp\/v2\/media\/10570"}],"wp:attachment":[{"href":"https:\/\/www.phenixetdragon.net\/en\/wp-json\/wp\/v2\/media?parent=10569"}],"wp:term":[{"taxonomy":"category","embeddable":true,"href":"https:\/\/www.phenixetdragon.net\/en\/wp-json\/wp\/v2\/categories?post=10569"},{"taxonomy":"post_tag","embeddable":true,"href":"https:\/\/www.phenixetdragon.net\/en\/wp-json\/wp\/v2\/tags?post=10569"}],"curies":[{"name":"wp","href":"https:\/\/api.w.org\/{rel}","templated":true}]}}